[{"@context":"https:\/\/schema.org\/","@type":"Article","@id":"https:\/\/www.paradni.cz\/vyberte-si-svuj-kocarek-podle-vlastnich-priorit\/#Article","mainEntityOfPage":"https:\/\/www.paradni.cz\/vyberte-si-svuj-kocarek-podle-vlastnich-priorit\/","headline":"Vyberte si sv\u016fj ko\u010d\u00e1rek podle vlastn\u00edch priorit","name":"Vyberte si sv\u016fj ko\u010d\u00e1rek podle vlastn\u00edch priorit","description":"Sh\u00e1n\u00edte v\u0161e pot\u0159ebn\u00e9 pro Va\u0161e miminko? Ud\u011blejte si seznam, a\u0165 na nic nezapomenete. Ka\u017ed\u00e1 nast\u00e1vaj\u00edc\u00ed maminka m\u00e1 jin\u00e9 p\u0159edstavy o tom, co v\u0161e je d\u016fle\u017eit\u00e9 a pot\u0159ebn\u00e9. Na p\u00e1r v\u011bcech se ale shodnou snad v\u0161echny maminky na sv\u011bt\u011b. Tou v\u011bc\u00ed je ko\u010d\u00e1rek. Ano, zn\u00e1m p\u00e1r maminek, kter\u00e9 ko\u010d\u00e1rek v \u017eivot\u011b nepou\u017eili ani jednou a sv\u00e9 [&hellip;]","datePublished":"2023-06-21","dateModified":"2023-06-21","author":{"@type":"Person","@id":"https:\/\/www.paradni.cz\/author\/#Person","name":"","url":"https:\/\/www.paradni.cz\/author\/","identifier":1,"image":{"@type":"ImageObject","@id":"https:\/\/secure.gravatar.com\/avatar\/d2f205e1507a0401c7d467d32c87ccece0f63a45b81075bb691dbe8d4c823787?s=96&d=mm&r=g","url":"https:\/\/secure.gravatar.com\/avatar\/d2f205e1507a0401c7d467d32c87ccece0f63a45b81075bb691dbe8d4c823787?s=96&d=mm&r=g","height":96,"width":96}},"publisher":{"@type":"Organization","name":"paradni.cz","logo":{"@type":"ImageObject","@id":"\/logo.png","url":"\/logo.png","width":600,"height":60}},"image":{"@type":"ImageObject","@id":"https:\/\/www.paradni.cz\/wp-content\/uploads\/pexels-photo-3625705.jpeg","url":"https:\/\/www.paradni.cz\/wp-content\/uploads\/pexels-photo-3625705.jpeg","height":0,"width":0},"url":"https:\/\/www.paradni.cz\/vyberte-si-svuj-kocarek-podle-vlastnich-priorit\/","about":["Produkty"],"wordCount":434,"articleBody":"        Sh\u00e1n\u00edte v\u0161e pot\u0159ebn\u00e9 pro Va\u0161e miminko? Ud\u011blejte si seznam, a\u0165 na nic nezapomenete. Ka\u017ed\u00e1 nast\u00e1vaj\u00edc\u00ed maminka m\u00e1 jin\u00e9 p\u0159edstavy o tom, co v\u0161e je d\u016fle\u017eit\u00e9 a pot\u0159ebn\u00e9. Na p\u00e1r v\u011bcech se ale shodnou snad v\u0161echny maminky na sv\u011bt\u011b. Tou v\u011bc\u00ed je ko\u010d\u00e1rek. Ano, zn\u00e1m p\u00e1r maminek, kter\u00e9 ko\u010d\u00e1rek v \u017eivot\u011b nepou\u017eili ani jednou a sv\u00e9 d\u011bti. Od prvn\u00edho dne nosili jednodu\u0161e v n\u00e1ru\u010d\u00ed a v nos\u00edtku. To je jist\u011b tak\u00e9 volba, ale spousta maminek semnou bude souhlasit, kdy\u017e \u0159eknu, \u017ee ko\u010d\u00e1rek je pohodln\u00fd pro rodi\u010de i pro d\u00edt\u011b. Je tolik mo\u017enost\u00ed p\u0159es den a noc, jak b\u00fdt se sv\u00fdm miminkem v bl\u00edzk\u00e9m t\u011blesn\u00e9m kontaktu, \u017ee pohodln\u00e9 odlo\u017een\u00ed do ko\u010d\u00e1rku je prost\u011b v\u00edce ne\u017e jenom fajn. Obzvl\u00e1\u0161\u0165 v letn\u00edch tepl\u00fdch dnech.U\u017e tak je n\u00e1m teplo a je\u0161t\u011b k tomu pak b\u00fdt t\u011blo na t\u011blo se sv\u00fdm mal\u00fdm potomkem. Tak\u017ee si te\u010f poj\u010fme spole\u010dn\u011b proj\u00edt nab\u00eddku hlubok\u00fdch ko\u010d\u00e1rk\u016f. Jak\u00e9 parametry pot\u0159ebujete, aby spl\u0148oval ten V\u00e1\u0161? M\u00e1te mo\u017enost zvolit si velikost samotn\u00e9 korbi\u010dky. Je libo \u0161ir\u0161\u00ed, u\u017e\u0161\u00ed, krat\u0161\u00ed nebo del\u0161\u00ed? J\u00e1 osobn\u011b bych volila velkou prostornou korbu, d\u011b\u0165\u00e1tko tam tak vydr\u017e\u00ed co nejd\u00e9le a to je velice vhodn\u00e9 pro spr\u00e1vn\u00fd v\u00fdvoj d\u011btsk\u00e9 p\u00e1te\u0159e. Do sportovn\u00edho ko\u010d\u00e1rku d\u00edt\u011b p\u0159end\u00e1v\u00e1me a\u017e kdy\u017e u\u017e je mu korba mal\u00e1 na d\u00e9lku a nebo je v n\u00ed opravdu extr\u00e9mn\u011b nespokojen\u00e9. Tohle V\u00e1m porad\u00ed ka\u017ed\u00fd dobr\u00fd fyzioterapeut.D\u011btsk\u00e1 z\u00e1da se mus\u00ed h\u00fd\u010dkat u\u017e od narozen\u00ed. A co kole\u010dka? Velk\u00e1, na pevno p\u0159id\u011blan\u00e1, bez mo\u017enosti ot\u00e1\u010den\u00ed, se hod\u00ed p\u0159ev\u00e1\u017en\u011b na t\u00fary a v\u00fdlety v obt\u00ed\u017en\u00e9m ter\u00e9nu. Naopak klasick\u00e1 kole\u010dka, s rota\u010dn\u00ed schopnost\u00ed jsou skv\u011bl\u00e1 na b\u011b\u017en\u00e9 je\u017ed\u011bn\u00ed ve m\u011bst\u011b a po chodn\u00edc\u00edch \u010di klasick\u00fdch nen\u00e1ro\u010dn\u00fdch cest\u00e1ch. A kdyby n\u00e1hodou, mo\u017enost uzam\u010den\u00ed m\u00e1 spousta t\u011bchto oto\u010dn\u00fdch kole\u010dek. Na v\u00fdb\u011br je i \u0161irok\u00e1 mo\u017enost designov\u00fdch prvk\u016f. A\u0165 u\u017e se jedn\u00e1 o samotn\u00e1 kole\u010dka, l\u00e1tku na ko\u010d\u00e1rku nebo konstrukci. Pohodlnost, designov\u00e1 sympatie a prakti\u010dnost jsou d\u016fle\u017eit\u00e9 faktory pro spokojenost.                                                                                                                                                                                                                                                                                                                                                                                                  "},{"@context":"https:\/\/schema.org\/","@type":"BreadcrumbList","itemListElement":[{"@type":"ListItem","position":1,"name":"Vyberte si sv\u016fj ko\u010d\u00e1rek podle vlastn\u00edch priorit","item":"https:\/\/www.paradni.cz\/vyberte-si-svuj-kocarek-podle-vlastnich-priorit\/#breadcrumbitem"}]}]