[{"@context":"https:\/\/schema.org\/","@type":"Article","@id":"https:\/\/www.paradni.cz\/vite-co-je-minky\/#Article","mainEntityOfPage":"https:\/\/www.paradni.cz\/vite-co-je-minky\/","headline":"V\u00edte co je minky?","name":"V\u00edte co je minky?","description":"U\u017e jste n\u011bkdy sly\u0161eli o l\u00e1tce minky Prima-obchod.cz. \u0158\u00edk\u00e1te, \u017ee je\u0161t\u011b ne. V dne\u0161n\u00ed modern\u00ed dob\u011b je hodn\u011b pou\u017e\u00edvan\u00fdm materi\u00e1lem. Hlavn\u011b v oblasti \u0161it\u00ed pro mal\u00e9 d\u011bti a miminka. O tomto t\u00e9matu si \u0159ekneme n\u011bco v\u00edce. Kde se s t\u00edmto materi\u00e1lem m\u016f\u017eeme setkat a jak\u00e9 m\u00e1 vlastnosti. Prvn\u00ed zm\u00ednkou je kde ho m\u016f\u017eeme naj\u00edt. Je [&hellip;]","datePublished":"2023-08-21","dateModified":"2023-10-02","author":{"@type":"Person","@id":"https:\/\/www.paradni.cz\/author\/#Person","name":"","url":"https:\/\/www.paradni.cz\/author\/","identifier":1,"image":{"@type":"ImageObject","@id":"https:\/\/secure.gravatar.com\/avatar\/d2f205e1507a0401c7d467d32c87ccece0f63a45b81075bb691dbe8d4c823787?s=96&d=mm&r=g","url":"https:\/\/secure.gravatar.com\/avatar\/d2f205e1507a0401c7d467d32c87ccece0f63a45b81075bb691dbe8d4c823787?s=96&d=mm&r=g","height":96,"width":96}},"publisher":{"@type":"Organization","name":"paradni.cz","logo":{"@type":"ImageObject","@id":"\/logo.png","url":"\/logo.png","width":600,"height":60}},"image":{"@type":"ImageObject","@id":"https:\/\/www.paradni.cz\/wp-content\/uploads\/bed-1839564_1280.jpg","url":"https:\/\/www.paradni.cz\/wp-content\/uploads\/bed-1839564_1280.jpg","height":0,"width":0},"url":"https:\/\/www.paradni.cz\/vite-co-je-minky\/","about":["Produkty"],"wordCount":442,"articleBody":"   U\u017e jste n\u011bkdy sly\u0161eli o l\u00e1tce minky Prima-obchod.cz. \u0158\u00edk\u00e1te, \u017ee je\u0161t\u011b ne. V dne\u0161n\u00ed modern\u00ed dob\u011b je hodn\u011b pou\u017e\u00edvan\u00fdm materi\u00e1lem. Hlavn\u011b v oblasti \u0161it\u00ed pro mal\u00e9 d\u011bti a miminka. O tomto t\u00e9matu si \u0159ekneme n\u011bco v\u00edce. Kde se s t\u00edmto materi\u00e1lem m\u016f\u017eeme setkat a jak\u00e9 m\u00e1 vlastnosti. Prvn\u00ed zm\u00ednkou je kde ho m\u016f\u017eeme naj\u00edt. Je to l\u00e1tka vyu\u017e\u00edvan\u00e1 ve v\u00fdbav\u00e1ch pro miminko. Ty rodiny, kter\u00e9 \u010dekaj\u00ed miminko, se s n\u00ed u\u017e ur\u010dit\u011b setkali. Nebo\u0165 vyb\u00edrali svou v\u00fdbavu a\u0165 u\u017e pro prvn\u00ed miminko nebo pro dal\u0161\u00edho \u010dlena rodiny minky l\u00e1tka se pou\u017e\u00edv\u00e1 p\u0159i \u0161it\u00ed v\u00fdbavy do post\u00fdlky. M\u016f\u017eete a nemus\u00edte si j\u00ed vybrat, ale hod\u00ed se kv\u016fli sv\u00e9 p\u0159\u00edjemn\u00e9 a h\u0159ejiv\u00e9 struktu\u0159e. V\u011bt\u0161inou se pou\u017e\u00edv\u00e1 v\u017edy na jednu stranu nap\u0159\u00edklad hn\u00edzde\u010dka, deky do post\u00fdlky, zavinova\u010dky a mantinel\u016f. Mantinely m\u016f\u017eete zvolit z v\u00edce variant. Nap\u0159\u00edklad pol\u0161t\u00e1\u0159kov\u00e9. Jsou to jednoduch\u00e9 mal\u00e9 pe\u0159inky, kter\u00e9 se moc\u00ed \u0161\u0148\u016frek p\u0159ipev\u0148uj\u00ed k post\u00fdlce. V\u011bt\u0161inou jsou ve dvou variant\u00e1ch a to \u010dtverce a obd\u00e9ln\u00edky. Obd\u00e9ln\u00edk slou\u017e\u00ed na \u010delo post\u00fdlky. Ov\u0161em uspo\u0159\u00e1d\u00e1n\u00ed je jen na v\u00e1s. Nebo m\u016f\u017eete zvolit variantu jednoduch\u00e9ho dlouh\u00e9ho obd\u00e9ln\u00edku pod\u00e9l p\u016flky post\u00fdlky. Jednu stranu m\u016f\u017eete m\u00edt z materi\u00e1lu minky, kter\u00e9 se d\u011blaj\u00ed v\u017edy jen v jednom odst\u00ednu. Nenajdete zde v\u00edcebarevn\u00e9 l\u00e1tky.M\u016f\u017eete v\u0161ak zvolit druhou l\u00e1tku, kter\u00e1 bude m\u00edt d\u011btsk\u00fd, kr\u00e1sn\u011b barevn\u00fd vzor, kter\u00fd se bude k jednobarevn\u00e9 minky l\u00e1tce hodit. V\u017edy se d\u00e1 vybrat z n\u011bkolika variant, kter\u00e9 v\u00e1s nadchnou. Materi\u00e1l t\u00e9to l\u00e1tky je velice p\u0159\u00edjemn\u00fd na dotek. M\u00e1 jemn\u00fd a kr\u00e1tk\u00fd vlas, kter\u00fd zajist\u00ed hebkost a mazliv\u00fd materi\u00e1l. Je vhodn\u00fd na zimn\u00ed obdob\u00ed nebo\u0165 kr\u00e1sn\u011b h\u0159eje a va\u0161e d\u00edt\u011b tak bude v teple. M\u016f\u017eete si vybrat ze \u0161irok\u00e9 \u0161k\u00e1ly barev. Na internetu se nab\u00edz\u00ed ve spoust\u011b druh\u016f odst\u00edn\u016f. Nemus\u00edte se tak b\u00e1t, \u017ee by zrovna va\u0161e barva nebyla. Ov\u0161em jsou pouze jednobarevn\u00e9. Nest\u00e1v\u00e1 se, \u017ee by byli dvojbarevn\u00e9. Materi\u00e1l m\u00e1 zvl\u00e1\u0161tn\u00ed vzorov\u00e1n\u00ed ve form\u011b jemn\u00fdch mal\u00fdch krou\u017eku nebo kuli\u010dek. Ty b\u00fdvaj\u00ed na l\u00e1tce zlehka vystoupl\u00e9. L\u00e1tka tak nen\u00ed jednotn\u00e1.                                                                                                                                                                                                                                                                                                                                                                                           4.8\/5 - (10 votes)        "},{"@context":"https:\/\/schema.org\/","@type":"BreadcrumbList","itemListElement":[{"@type":"ListItem","position":1,"name":"V\u00edte co je minky?","item":"https:\/\/www.paradni.cz\/vite-co-je-minky\/#breadcrumbitem"}]}]