[{"@context":"https:\/\/schema.org\/","@type":"Article","@id":"https:\/\/www.paradni.cz\/udrzeni-domacnosti\/#Article","mainEntityOfPage":"https:\/\/www.paradni.cz\/udrzeni-domacnosti\/","headline":"Udr\u017een\u00ed dom\u00e1cnosti","name":"Udr\u017een\u00ed dom\u00e1cnosti","description":"U\u017e jste si taky n\u011bkdy \u0159\u00edkali, \u017ee udr\u017eet dom\u00e1cnost podle va\u0161ich p\u0159edstav nen\u00ed jenom tak? No to ur\u010dit\u011b nejste jedin\u00ed. J\u00e1 si to \u0159\u00edk\u00e1m ka\u017ed\u00fd den. Poj\u010fme se trochu v\u00edce pobavit o tom, co mi d\u011bl\u00e1 nejv\u011bt\u0161\u00ed probl\u00e9m p\u0159i \u00faklidu. Mo\u017en\u00e1 z toho budete p\u0159ekvapeni anebo se v tom taky pozn\u00e1te&#8230; Um\u00fdv\u00e1n\u00ed n\u00e1dob\u00ed\u00a0 Tahle v\u011bc [&hellip;]","datePublished":"2023-11-30","dateModified":"2023-11-30","author":{"@type":"Person","@id":"https:\/\/www.paradni.cz\/author\/#Person","name":"","url":"https:\/\/www.paradni.cz\/author\/","identifier":1,"image":{"@type":"ImageObject","@id":"https:\/\/secure.gravatar.com\/avatar\/d2f205e1507a0401c7d467d32c87ccece0f63a45b81075bb691dbe8d4c823787?s=96&d=mm&r=g","url":"https:\/\/secure.gravatar.com\/avatar\/d2f205e1507a0401c7d467d32c87ccece0f63a45b81075bb691dbe8d4c823787?s=96&d=mm&r=g","height":96,"width":96}},"publisher":{"@type":"Organization","name":"paradni.cz","logo":{"@type":"ImageObject","@id":"\/logo.png","url":"\/logo.png","width":600,"height":60}},"image":{"@type":"ImageObject","@id":"https:\/\/www.paradni.cz\/wp-content\/uploads\/pexels-liliana-drew-9462191_1.jpg","url":"https:\/\/www.paradni.cz\/wp-content\/uploads\/pexels-liliana-drew-9462191_1.jpg","height":0,"width":0},"url":"https:\/\/www.paradni.cz\/udrzeni-domacnosti\/","about":["Dom\u00e1cnost"],"wordCount":463,"articleBody":"U\u017e jste si taky n\u011bkdy \u0159\u00edkali, \u017ee udr\u017eet dom\u00e1cnost podle va\u0161ich p\u0159edstav nen\u00ed jenom tak? No to ur\u010dit\u011b nejste jedin\u00ed. J\u00e1 si to \u0159\u00edk\u00e1m ka\u017ed\u00fd den. Poj\u010fme se trochu v\u00edce pobavit o tom, co mi d\u011bl\u00e1 nejv\u011bt\u0161\u00ed probl\u00e9m p\u0159i \u00faklidu. Mo\u017en\u00e1 z toho budete p\u0159ekvapeni anebo se v tom taky pozn\u00e1te&#8230;Um\u00fdv\u00e1n\u00ed n\u00e1dob\u00ed\u00a0Tahle v\u011bc m\u011b doslova vyt\u00e1\u010d\u00ed. Um\u00fdv\u00e1n\u00ed n\u00e1dob\u00ed je jedna z nejhor\u0161\u00edch v\u011bc\u00ed, co mus\u00edm ka\u017ed\u00fd den d\u011blat, kdy\u017e va\u0159\u00edm. V\u00edm, \u017ee je to norm\u00e1ln\u00ed kolob\u011bh \u017eivota a n\u00e1dob\u00ed se prost\u011b um\u00fdvat mus\u00ed, ale ob\u010das se mi nechce a mus\u00edm se k tomu &#8222;dokopat&#8220;. Ob\u010das si p\u0159ipad\u00e1m na tuhle dom\u00e1c\u00ed pr\u00e1ci hrozn\u011b l\u00edn\u00e1.Ut\u00edr\u00e1n\u00ed prachu\u00a0Za norm\u00e1ln\u00edch okolnost\u00ed by mi to probl\u00e9m ned\u011blalo, ale m\u00e1m alergii a astma, a tak v\u011bt\u0161inou p\u0159i t\u00e9hle dom\u00e1c\u00ed pr\u00e1ci p\u0161ik\u00e1m. No ale stejn\u011b to za m\u011b nikdo neud\u011bl\u00e1, tak\u017ee v\u017edycky vezmu had\u0159\u00edk a prach ut\u0159u. A potom m\u00e1m na p\u00e1r dn\u016f pokoj.Vys\u00e1v\u00e1n\u00ed\u00a0N\u011bkte\u0159\u00ed lidi vys\u00e1v\u00e1n\u00ed t\u0159eba nemaj\u00ed r\u00e1di, j\u00e1 s n\u00edm naopak v\u016fbec nem\u00e1m probl\u00e9m a vys\u00e1v\u00e1n\u00ed m\u011b bav\u00ed. To je asi jedna z dom\u00e1c\u00edch prac\u00ed, se kter\u00fdmi nem\u00e1m \u017e\u00e1dn\u00fd probl\u00e9m a d\u011bl\u00e1m ji ka\u017ed\u00fd den. Koneckonc\u016f, vys\u00e1v\u00e1n\u00ed je hodn\u011b d\u016fle\u017eit\u00e9. J\u00e1 m\u00e1m malou dcerku a ta, kdy\u017e n\u011bco j\u00ed, tak v\u0161ude nadrob\u00ed a drobky jsou v\u0161ude po zemi. J\u00e1 ale jenom vezmu vysava\u010d a vysaju, zrovna tohle mi probl\u00e9m ned\u011bl\u00e1.\u00a0Va\u0159en\u00ed\u00a0To je moje obl\u00edben\u00e1 \u010d\u00e1st. Kdy\u017e va\u0159\u00edm, je to pro m\u011b forma jak\u00e9si relaxace a va\u0159en\u00ed m\u011b stra\u0161n\u011b bav\u00ed. Ani to neberu jako dom\u00e1c\u00ed pr\u00e1ci, ale va\u0159it je prost\u011b z\u00e1klad. Nedok\u00e1\u017eu si p\u0159edstavit, \u017ee bych ka\u017ed\u00fd den musela kupovat j\u00eddlo n\u011bkde v restauraci, nebo hotov\u00e9 j\u00eddlo v obchod\u011b. A nejen, \u017ee si to nedok\u00e1\u017eu p\u0159edstavit a jsem prost\u011b po\u0159\u00e1d zvykl\u00e1 va\u0159it, ale v\u00edte, jak by se takov\u00e9 n\u00e1kupy hotov\u00e9ho j\u00eddla prodra\u017eily? To si svoje obl\u00edben\u00e9 j\u00eddlo rad\u0161i ud\u011bl\u00e1m doma a vyjde m\u011b to opravdu podstatn\u011b levn\u011bji, ne\u017e kdybych si ka\u017ed\u00fd den j\u00eddlo kupovala. Ale takhle to m\u00e1 v\u011bt\u0161ina lid\u00ed. 90 % lid\u00ed va\u0159\u00ed a nekupuje si ka\u017ed\u00fd den j\u00eddlo.                                                                                                                                                                                                                                                                                                                                                                                        3.9\/5 - (8 votes)        "},{"@context":"https:\/\/schema.org\/","@type":"BreadcrumbList","itemListElement":[{"@type":"ListItem","position":1,"name":"Udr\u017een\u00ed dom\u00e1cnosti","item":"https:\/\/www.paradni.cz\/udrzeni-domacnosti\/#breadcrumbitem"}]}]