[{"@context":"https:\/\/schema.org\/","@type":"Article","@id":"https:\/\/www.paradni.cz\/tazna-zarizeni-na-fabii-prakticky-pomocnik-doma-i-na-cestach\/#Article","mainEntityOfPage":"https:\/\/www.paradni.cz\/tazna-zarizeni-na-fabii-prakticky-pomocnik-doma-i-na-cestach\/","headline":"Ta\u017en\u00e1 za\u0159\u00edzen\u00ed na Fabii \u2013 praktick\u00fd pomocn\u00edk doma i na cest\u00e1ch","name":"Ta\u017en\u00e1 za\u0159\u00edzen\u00ed na Fabii \u2013 praktick\u00fd pomocn\u00edk doma i na cest\u00e1ch","description":"Roz\u0161\u00ed\u0159en\u00e1 Fabia Zna\u010dka \u0160koda si vytvo\u0159ila dobr\u00e9 jm\u00e9no za dobu mnoha des\u00edtek let p\u016fsoben\u00ed na trhu a pam\u011btn\u00edci by jist\u011b mohli vypr\u00e1v\u011bt, jak\u00fd posun ve v\u00fdvoji technologi\u00ed jsme za tak kr\u00e1tkou dobu mohli zaznamenat. Kdo je\u0161t\u011b pamatuje prvn\u00ed \u201eOkt\u00e1vky, Emb\u00e9\u010dka\u201c a sportovn\u00ed stodes\u00edtky Coup\u00e9, mo\u017en\u00e1 uron\u00ed slzu nad tou nostalgi\u00ed d\u00e1vno za\u0161l\u00fdch \u010das\u016f, kterou si [&hellip;]","datePublished":"2021-08-11","dateModified":"2021-08-11","author":{"@type":"Person","@id":"https:\/\/www.paradni.cz\/author\/#Person","name":"","url":"https:\/\/www.paradni.cz\/author\/","identifier":1,"image":{"@type":"ImageObject","@id":"https:\/\/secure.gravatar.com\/avatar\/d2f205e1507a0401c7d467d32c87ccece0f63a45b81075bb691dbe8d4c823787?s=96&d=mm&r=g","url":"https:\/\/secure.gravatar.com\/avatar\/d2f205e1507a0401c7d467d32c87ccece0f63a45b81075bb691dbe8d4c823787?s=96&d=mm&r=g","height":96,"width":96}},"publisher":{"@type":"Organization","name":"paradni.cz","logo":{"@type":"ImageObject","@id":"\/logo.png","url":"\/logo.png","width":600,"height":60}},"image":{"@type":"ImageObject","@id":"https:\/\/www.paradni.cz\/wp-content\/uploads\/%C5%A0koda%20Fabia.jpg","url":"https:\/\/www.paradni.cz\/wp-content\/uploads\/%C5%A0koda%20Fabia.jpg","height":0,"width":0},"url":"https:\/\/www.paradni.cz\/tazna-zarizeni-na-fabii-prakticky-pomocnik-doma-i-na-cestach\/","about":["V\u011bda"],"wordCount":417,"articleBody":"   Roz\u0161\u00ed\u0159en\u00e1 FabiaZna\u010dka \u0160koda si vytvo\u0159ila dobr\u00e9 jm\u00e9no za dobu mnoha des\u00edtek let p\u016fsoben\u00ed na trhu a pam\u011btn\u00edci by jist\u011b mohli vypr\u00e1v\u011bt, jak\u00fd posun ve v\u00fdvoji technologi\u00ed jsme za tak kr\u00e1tkou dobu mohli zaznamenat. Kdo je\u0161t\u011b pamatuje prvn\u00ed \u201eOkt\u00e1vky, Emb\u00e9\u010dka\u201c a sportovn\u00ed stodes\u00edtky Coup\u00e9, mo\u017en\u00e1 uron\u00ed slzu nad tou nostalgi\u00ed d\u00e1vno za\u0161l\u00fdch \u010das\u016f, kterou si p\u0159ipom\u00edn\u00e1me jen ob\u010das, nap\u0159. spanil\u00fdmi j\u00edzdami veter\u00e1n\u016f.\u0160koda Fabia se rovn\u011b\u017e za\u0159adila mezi \u00fasp\u011b\u0161n\u00e9 modely a mo\u017en\u00e1, \u017ee i vy jste jedn\u00edm z majitel\u016f t\u00e9to zna\u010dky. Je to rovn\u011b\u017e jeden z voz\u016f, kam si lid\u00e9 nech\u00e1vaj\u00ed montovat z\u00e1v\u011bsn\u00e1 za\u0159\u00edzen\u00ed, jako\u017eto nesm\u00edrn\u011b popul\u00e1rn\u00ed a praktick\u00e9 p\u0159\u00edslu\u0161enstv\u00ed.Ta\u017en\u00e9 za\u0159\u00edzen\u00ed na Fabii zde zmi\u0148ujeme z\u00e1m\u011brn\u011b, nebo\u0165 d\u00edky n\u011bmu m\u00e1me mo\u017enost st\u00e1t se v\u00edce nez\u00e1visl\u00fdmi na vn\u011bj\u0161\u00edch okolnostech a slu\u017eb\u00e1ch, kdy\u017e pot\u0159ebujeme velmi pru\u017en\u011b jednat \u2013 kdy\u017e m\u00e1me v pl\u00e1nu s p\u0159\u00edv\u011bsn\u00fdm voz\u00edkem uskute\u010dnit v\u011bt\u0161\u00ed n\u00e1kup, vyklizen\u00ed bytu, p\u0159est\u011bhov\u00e1n\u00ed kancel\u00e1\u0159e \u010di provozovny, anebo se vydat na dovolenou s karavanem \u010di s nosi\u010dem na j\u00edzdn\u00ed kola.Nosi\u010d kol je vysoce konkurence schopn\u00fdJ\u00edzda na kole pat\u0159\u00ed k nejobl\u00edben\u011bj\u0161\u00edm sportovn\u00edm \u010dinnostem a dop\u0159\u00e1v\u00e1 si ji v\u00edc a v\u00edc z\u00e1jemc\u016f. Podobn\u00fd trend lze o\u010dek\u00e1vat i do budoucna, zejm\u00e9na d\u00edky tomu, \u017ee mnoho lid\u00ed m\u00e1 z\u00e1jem organizovat si voln\u00e9 dny po sv\u00e9m, zajistit si ubytov\u00e1n\u00ed v soukrom\u00ed a zdrav\u011b sportovat na \u010derstv\u00e9m vzduchu i v na\u0161\u00ed zemi, kde jsou na cyklistiku skv\u011bl\u00e9 ter\u00e9ny. A kdo m\u00e1 vlastn\u00ed kola (a nemus\u00ed si je p\u016fj\u010dovat) a kdo si je s\u00e1m odveze vlastn\u00edm vozem na vlastn\u00edm nosi\u010di, je ve v\u00fdhod\u011b.Nosi\u010d kol na ta\u017en\u00e1 za\u0159\u00edzen\u00ed se snadno instaluje, kola se vezou n\u00edzko nad zem\u00ed a prakticky nezasahuj\u00ed do j\u00edzdn\u00edch vlastnost\u00ed cel\u00e9 soupravy. Snadno projedete pod ka\u017ed\u00fdm mostem \u010di l\u00e1vkou, neovlivn\u00ed v\u00e1s bo\u010dn\u00ed v\u00edtr a nestoupne d\u00edky tomu pot\u0159eba paliva. Kola na nosi\u010d nasad\u00ed jednodu\u0161e i \u017eena, kter\u00e1 se obejde i bez svalnat\u00e9ho prot\u011bj\u0161ku.                                                                                                                                                                                                                                                                                                                                                                                          3.7\/5 - (3 votes)        "},{"@context":"https:\/\/schema.org\/","@type":"BreadcrumbList","itemListElement":[{"@type":"ListItem","position":1,"name":"Ta\u017en\u00e1 za\u0159\u00edzen\u00ed na Fabii \u2013 praktick\u00fd pomocn\u00edk doma i na cest\u00e1ch","item":"https:\/\/www.paradni.cz\/tazna-zarizeni-na-fabii-prakticky-pomocnik-doma-i-na-cestach\/#breadcrumbitem"}]}]