[{"@context":"https:\/\/schema.org\/","@type":"Article","@id":"https:\/\/www.paradni.cz\/operace-a-jeji-rizika\/#Article","mainEntityOfPage":"https:\/\/www.paradni.cz\/operace-a-jeji-rizika\/","headline":"Operace a jej\u00ed rizika","name":"Operace a jej\u00ed rizika","description":"B\u00fdt kr\u00e1sn\u00fd je v\u00a0dne\u0161n\u00ed dob\u011b velk\u00e1 v\u00fdhoda. P\u0159esto se nejedn\u00e1 o podm\u00ednku \u0161\u0165astn\u00e9ho a spokojen\u00e9ho \u017eivota. Obzvl\u00e1\u0161\u0165 mlad\u00e1 d\u011bv\u010data trp\u00ed my\u0161lenkou na to, \u017ee nejsou tak kr\u00e1sn\u00e1, jak by se jim to l\u00edbilo. D\u016fle\u017eit\u00e9 je na po\u010d\u00e1tku t\u00e9to my\u0161lenky pr\u00e1v\u011b to, v\u00a0jak\u00e9 spole\u010dnosti se nach\u00e1z\u00ed. T\u0159\u00edda, ve kter\u00e9 se d\u00edvka nach\u00e1z\u00ed a kde hlavn\u00ed my\u0161lenkou [&hellip;]","datePublished":"2024-06-27","dateModified":"2024-06-27","author":{"@type":"Person","@id":"https:\/\/www.paradni.cz\/author\/#Person","name":"","url":"https:\/\/www.paradni.cz\/author\/","identifier":1,"image":{"@type":"ImageObject","@id":"https:\/\/secure.gravatar.com\/avatar\/d2f205e1507a0401c7d467d32c87ccece0f63a45b81075bb691dbe8d4c823787?s=96&d=mm&r=g","url":"https:\/\/secure.gravatar.com\/avatar\/d2f205e1507a0401c7d467d32c87ccece0f63a45b81075bb691dbe8d4c823787?s=96&d=mm&r=g","height":96,"width":96}},"publisher":{"@type":"Organization","name":"paradni.cz","logo":{"@type":"ImageObject","@id":"\/logo.png","url":"\/logo.png","width":600,"height":60}},"image":{"@type":"ImageObject","@id":"https:\/\/www.paradni.cz\/wp-content\/uploads\/plastick%C3%A1%20operace.jpg","url":"https:\/\/www.paradni.cz\/wp-content\/uploads\/plastick%C3%A1%20operace.jpg","height":0,"width":0},"url":"https:\/\/www.paradni.cz\/operace-a-jeji-rizika\/","about":["Kr\u00e1sa"],"wordCount":447,"articleBody":"B\u00fdt kr\u00e1sn\u00fd je v\u00a0dne\u0161n\u00ed dob\u011b velk\u00e1 v\u00fdhoda. P\u0159esto se nejedn\u00e1 o podm\u00ednku \u0161\u0165astn\u00e9ho a spokojen\u00e9ho \u017eivota. Obzvl\u00e1\u0161\u0165 mlad\u00e1 d\u011bv\u010data trp\u00ed my\u0161lenkou na to, \u017ee nejsou tak kr\u00e1sn\u00e1, jak by se jim to l\u00edbilo. D\u016fle\u017eit\u00e9 je na po\u010d\u00e1tku t\u00e9to my\u0161lenky pr\u00e1v\u011b to, v\u00a0jak\u00e9 spole\u010dnosti se nach\u00e1z\u00ed. T\u0159\u00edda, ve kter\u00e9 se d\u00edvka nach\u00e1z\u00ed a kde hlavn\u00ed my\u0161lenkou je pr\u00e1v\u011b to, jak kdo vypad\u00e1 a jak se na venek chov\u00e1, m\u016f\u017ee b\u00fdt t\u00e9m\u011b\u0159 fat\u00e1ln\u00ed. Pak je d\u016fle\u017eit\u00e9, aby takov\u00e1 d\u00edvka v\u00a0\u017eivot\u011b potkala jin\u00e9 lidi, kte\u0159\u00ed ji budou m\u00edt r\u00e1di pr\u00e1v\u011b proto, jak\u00e1 je. Dne\u0161n\u00ed doba soci\u00e1ln\u00edch s\u00edt\u00ed sv\u00e1d\u00ed k\u00a0tomu, abychom hodnotili sv\u011bt okolo sebe, podle toho, jak zvenku vypad\u00e1. Ob\u010das tak zapom\u00edn\u00e1me na to, \u017ee pod t\u00edmto zevn\u011bj\u0161kem je n\u011bco je\u0161t\u011b mnohon\u00e1sobn\u011b d\u016fle\u017eit\u011bj\u0161\u00edho. K\u00a0tomuto se obvykle velmi t\u011b\u017eko dost\u00e1v\u00e1, a i kdy\u017e se k\u00a0tomuto nitru \u010dlov\u011bka dostaneme, nen\u00ed nikde zaru\u010deno, \u017ee toto bude to, co n\u00e1s u\u010din\u00ed \u0161\u0165astn\u00fdmi. Dobr\u00e9 je si tak\u00e9, obzvl\u00e1\u0161\u0165 v\u00a0mlad\u0161\u00edm v\u011bku, p\u0159ipom\u00ednat, \u017ee kr\u00e1sa se hodn\u011b m\u011bn\u00ed. To, co bylo pova\u017eov\u00e1no za kr\u00e1sn\u00e9 nap\u0159\u00edklad p\u0159ed sto lety je dnes ji\u017e zapomenuto. A za p\u00e1r let, pr\u00e1v\u011b to, co je dnes op\u011bvov\u00e1no, bude tak\u00e9 n\u011bkde na poh\u0159ebi\u0161ti d\u011bjin. Kr\u00e1su je pomoc\u00ed r\u016fzn\u00fdch plastick\u00fdch operac\u00ed mo\u017en\u00e9 z\u00edskat. N\u011bkte\u0159\u00ed z\u00a0n\u00e1s se ale k\u00a0t\u00e9to cest\u011b stav\u00ed pom\u011brn\u011b kriticky.Jedn\u00e1 se toti\u017e o v\u00fdrazn\u00fd z\u00e1sah do vlastn\u00edho t\u011bla, kter\u00fd nemus\u00ed v\u017edy dopadnout dob\u0159e. Jsou tak zn\u00e1my n\u011bkter\u00e9 p\u0159\u00edpady, kdy \u017eeny po zv\u011bt\u0161en\u00ed prsou, za\u010daly poci\u0165ovat r\u016fzn\u00e9 probl\u00e9my, kter\u00e9 nebylo mo\u017en\u00e9 nijak vysv\u011btlit. A\u017e po tom, co jim byly implant\u00e1ty odstran\u011bny, se tyto probl\u00e9my ztratily nebo vy\u0159e\u0161ily samy. Zjistilo se tak, \u017ee vlastn\u00ed t\u011blo rozpoznalo, \u017ee se jedn\u00e1 o cizorod\u00fd materi\u00e1l a za\u010dalo proti n\u011bmu bojovat. Nejedn\u00e1 se o \u010dast\u00e9 probl\u00e9my, ale jedn\u00e1 se o n\u011bco, co m\u016f\u017ee velmi znep\u0159\u00edjemnit \u017eivot a v\u011bt\u0161ina \u017een se shoduje, \u017ee toto operace rozhodn\u011b nestoj\u00ed. M\u011bly bychom navz\u00e1jem na sob\u011b oslavovat p\u0159irozenou kr\u00e1su, kterou m\u00e1 ka\u017ed\u00e1 \u017eena.                                                                                                                                                                                                                                                                                                                                                                                        4.7\/5 - (8 votes)        "},{"@context":"https:\/\/schema.org\/","@type":"BreadcrumbList","itemListElement":[{"@type":"ListItem","position":1,"name":"Operace a jej\u00ed rizika","item":"https:\/\/www.paradni.cz\/operace-a-jeji-rizika\/#breadcrumbitem"}]}]