[{"@context":"https:\/\/schema.org\/","@type":"Article","@id":"https:\/\/www.paradni.cz\/na-sladko-nebo-na-slano\/#Article","mainEntityOfPage":"https:\/\/www.paradni.cz\/na-sladko-nebo-na-slano\/","headline":"Na sladko, nebo na slano?","name":"Na sladko, nebo na slano?","description":"Jak\u00e1 j\u00eddla preferujete Vy osobn\u011b? Tedy v r\u00e1mci b\u011b\u017en\u00e9ho stravov\u00e1n\u00ed, nikoli ve form\u011b poj\u00edd\u00e1n\u00ed slan\u00fdch bramb\u016frk\u016f \u010di nap\u0159\u00edklad \u010dokol\u00e1dov\u00e9ho h\u0159e\u0161en\u00ed. Mezi sladce a slan\u011b orientovan\u00fdm p\u0159\u00edstupem rozli\u0161ujeme i v p\u0159\u00edpad\u011b hlavn\u00edch j\u00eddel a sva\u010dinek, kter\u00e9 by m\u011bl b\u011bhem dne poz\u0159\u00edt ka\u017ed\u00fd z n\u00e1s. Jejich zastoupen\u00ed v j\u00eddeln\u00ed\u010dku m\u00e1 sv\u00e1 opodstatn\u011bn\u00ed, ov\u0161em mezi str\u00e1vn\u00edky existuj\u00ed ur\u010dit\u00e9 [&hellip;]","datePublished":"2024-12-07","dateModified":"2024-12-07","author":{"@type":"Person","@id":"https:\/\/www.paradni.cz\/author\/#Person","name":"","url":"https:\/\/www.paradni.cz\/author\/","identifier":1,"image":{"@type":"ImageObject","@id":"https:\/\/secure.gravatar.com\/avatar\/d2f205e1507a0401c7d467d32c87ccece0f63a45b81075bb691dbe8d4c823787?s=96&d=mm&r=g","url":"https:\/\/secure.gravatar.com\/avatar\/d2f205e1507a0401c7d467d32c87ccece0f63a45b81075bb691dbe8d4c823787?s=96&d=mm&r=g","height":96,"width":96}},"publisher":{"@type":"Organization","name":"paradni.cz","logo":{"@type":"ImageObject","@id":"\/logo.png","url":"\/logo.png","width":600,"height":60}},"url":"https:\/\/www.paradni.cz\/na-sladko-nebo-na-slano\/","wordCount":180,"articleBody":"Jak\u00e1 j\u00eddla preferujete Vy osobn\u011b? Tedy v r\u00e1mci b\u011b\u017en\u00e9ho stravov\u00e1n\u00ed, nikoli ve form\u011b poj\u00edd\u00e1n\u00ed slan\u00fdch bramb\u016frk\u016f \u010di nap\u0159\u00edklad \u010dokol\u00e1dov\u00e9ho h\u0159e\u0161en\u00ed. Mezi sladce a slan\u011b orientovan\u00fdm p\u0159\u00edstupem rozli\u0161ujeme i v p\u0159\u00edpad\u011b hlavn\u00edch j\u00eddel a sva\u010dinek, kter\u00e9 by m\u011bl b\u011bhem dne poz\u0159\u00edt ka\u017ed\u00fd z n\u00e1s. Jejich zastoupen\u00ed v j\u00eddeln\u00ed\u010dku m\u00e1 sv\u00e1 opodstatn\u011bn\u00ed, ov\u0161em mezi str\u00e1vn\u00edky existuj\u00ed ur\u010dit\u00e9 rozd\u00edly v preferenc\u00edch jejich zastoupen\u00ed v denn\u00edch stravovac\u00edch pl\u00e1nech. Vyb\u00edrejte dle chut\u00ed a preferenc\u00ed S na\u0161\u00ed ketogenn\u00ed dietou se m\u016f\u017eete rozhodnout, kter\u00e9 typy pokrm\u016f V\u00e1m chu\u0165ov\u011b l\u00e9pe vyhovuj\u00ed a tomu p\u0159izp\u016fsobit v\u00fdb\u011br pokrm\u016f pro dan\u00fd den. A\u0165 u\u017e jste milovn\u00edky slan\u00e9 chuti, nebo je V\u00e1m p\u0159\u00edjemn\u011bj\u0161\u00ed poj\u00eddat jednotliv\u00e9 porce takzvan\u011b \u201ena slano\u201c, u n\u00e1s si v\u017edy vyberete a ka\u017ed\u00e9 j\u00eddlo pro V\u00e1s tak bude po\u017eitkem.                                                                                                                                                                                                                                                                                                                                                                                        5\/5 - (1 vote)        "},{"@context":"https:\/\/schema.org\/","@type":"BreadcrumbList","itemListElement":[{"@type":"ListItem","position":1,"name":"Na sladko, nebo na slano?","item":"https:\/\/www.paradni.cz\/na-sladko-nebo-na-slano\/#breadcrumbitem"}]}]