[{"@context":"https:\/\/schema.org\/","@type":"Article","@id":"https:\/\/www.paradni.cz\/dovolena-v-ceskych-budejovicich-byva-nezapomenutelna\/#Article","mainEntityOfPage":"https:\/\/www.paradni.cz\/dovolena-v-ceskych-budejovicich-byva-nezapomenutelna\/","headline":"Dovolen\u00e1 v \u010cesk\u00fdch Bud\u011bjovic\u00edch b\u00fdv\u00e1 nezapomenuteln\u00e1","name":"Dovolen\u00e1 v \u010cesk\u00fdch Bud\u011bjovic\u00edch b\u00fdv\u00e1 nezapomenuteln\u00e1","description":"Omezen\u00ed dopravy v centru v \u010cesk\u00fdch Bud\u011bjovic\u00edch m\u00e1 sv\u016fj platn\u00fd v\u00fdznam, proto\u017ee se jedn\u00e1 o m\u011bstskou pam\u00e1tkovou rezervaci, a tam plat\u00ed jin\u00e1 pravidla, ne\u017e v centrech ostatn\u00edch m\u011bst. Pt\u00e1te-li se, jak dlouho je tato rezervace v platnosti, nen\u00ed to \u017e\u00e1dn\u00e1 legislativn\u00ed novinka, n\u00fdbr\u017e jde o na\u0159\u00edzen\u00ed z roku 1980. Bu\u010fme r\u00e1di, \u017ee tomu tak je, [&hellip;]","datePublished":"2024-03-15","dateModified":"2024-04-15","author":{"@type":"Person","@id":"https:\/\/www.paradni.cz\/author\/#Person","name":"","url":"https:\/\/www.paradni.cz\/author\/","identifier":1,"image":{"@type":"ImageObject","@id":"https:\/\/secure.gravatar.com\/avatar\/d2f205e1507a0401c7d467d32c87ccece0f63a45b81075bb691dbe8d4c823787?s=96&d=mm&r=g","url":"https:\/\/secure.gravatar.com\/avatar\/d2f205e1507a0401c7d467d32c87ccece0f63a45b81075bb691dbe8d4c823787?s=96&d=mm&r=g","height":96,"width":96}},"publisher":{"@type":"Organization","name":"paradni.cz","logo":{"@type":"ImageObject","@id":"\/logo.png","url":"\/logo.png","width":600,"height":60}},"image":{"@type":"ImageObject","@id":"https:\/\/www.paradni.cz\/wp-content\/uploads\/transmitter-661055_640_8.jpg","url":"https:\/\/www.paradni.cz\/wp-content\/uploads\/transmitter-661055_640_8.jpg","height":0,"width":0},"url":"https:\/\/www.paradni.cz\/dovolena-v-ceskych-budejovicich-byva-nezapomenutelna\/","about":["Business"],"wordCount":418,"articleBody":"   Omezen\u00ed dopravy v centru v \u010cesk\u00fdch Bud\u011bjovic\u00edch m\u00e1 sv\u016fj platn\u00fd v\u00fdznam, proto\u017ee se jedn\u00e1 o m\u011bstskou pam\u00e1tkovou rezervaci, a tam plat\u00ed jin\u00e1 pravidla, ne\u017e v centrech ostatn\u00edch m\u011bst. Pt\u00e1te-li se, jak dlouho je tato rezervace v platnosti, nen\u00ed to \u017e\u00e1dn\u00e1 legislativn\u00ed novinka, n\u00fdbr\u017e jde o na\u0159\u00edzen\u00ed z roku 1980. Bu\u010fme r\u00e1di, \u017ee tomu tak je, proto\u017ee si tu m\u016f\u017eeme l\u00e9pe vychutnat kr\u00e1su historick\u00e9ho m\u011bstsk\u00e9ho j\u00e1dra, a nebudeme tu omezov\u00e1ni automobilov\u00fdm provozem.Centrum \u010cesk\u00fdch Bud\u011bjovic pat\u0159\u00ed k nejkr\u00e1sn\u011bj\u0161\u00edm historick\u00fdm pam\u00e1tk\u00e1m v na\u0161\u00ed zemi a tuto skute\u010dnost podtrhuj\u00ed i n\u011bkter\u00e9 dal\u0161\u00ed jevy, s nimi\u017e se jinde nesetk\u00e1te. Vyplat\u00ed se do t\u011bchto m\u00edst zav\u00edtat nikoli na oto\u010dku, ale se zdr\u017een\u00edm alespo\u0148 na v\u00edkend. A m\u00e1te-li mo\u017enost pob\u00fdvat tu t\u0159eba cel\u00fd t\u00fdden, doporu\u010dujeme krom\u011b samotn\u00e9ho m\u011bsta nav\u0161t\u00edvit i jeho bl\u00edzk\u00e9 i vzd\u00e1len\u011bj\u0161\u00ed okol\u00ed.Blansk\u00fd les \u2013 \u010ceskobud\u011bjovick\u00e1 p\u00e1nev navazuje na poho\u0159\u00ed Blansk\u00e9ho lesa. Mohli bychom jej p\u0159ezd\u00edvat podh\u016f\u0159\u00edm \u0160umavy a podstatn\u00e9, co v\u00e1s bude zaj\u00edmat, je zejm\u00e9na jeho dominantn\u00ed vliv na tamn\u00ed klima, i na estetick\u00e9 vn\u00edm\u00e1n\u00ed koloritu cel\u00e9ho m\u011bsta. Nejvy\u0161\u0161\u00ed vrchol Blansk\u00e9ho lesa Kle\u0165 je dob\u0159e patrn\u00e1 nap\u0159\u00edklad z \u010cern\u00e9 v\u011b\u017ee, i z n\u011bkter\u00fdch vy\u0161\u0161\u00edch obytn\u00fdch budov, a vysloven\u011b p\u0159itahuje pozornost a l\u00e1k\u00e1 m\u00edstn\u00ed obyvatele i ostatn\u00ed n\u00e1v\u0161t\u011bvn\u00edky k v\u00fdstupu nebo v\u00fdjezdu lanovkou z Kr\u00e1set\u00edna.Vltava a Mal\u0161e \u2013 centrum m\u011bsta se nach\u00e1z\u00ed na soutoku t\u011bchto dvou v\u00fdznamn\u00fdch \u0159ek, a zejm\u00e9na Vltava je natolik obl\u00edben\u00fdm \u0159\u00ed\u010dn\u00edm tokem, \u017ee se tu ka\u017ed\u00fd rok sejde na n\u011bkolik des\u00edtek tis\u00edc vod\u00e1k\u016f. V\u0159ele doporu\u010dujeme projet si bu\u010f trasu na kole pod\u00e9l \u0159eky, nebo splout Vltavu na k\u00e1noi, kajaku \u010di raftu. Nezapomenuteln\u00e9 b\u00fdvaj\u00ed zejm\u00e9na prohl\u00eddky okol\u00ed \u0159eky v \u00faseku mezi \u010cesk\u00fdm Krumlovem, Zlatou Korunou a z\u0159\u00edceninou hradu d\u00edv\u010d\u00ed K\u00e1men, tamn\u00ed oblast je natolik malebn\u00e1 a zaj\u00edmav\u00e1, \u017ee si tu n\u011bkte\u0159\u00ed zakoup\u00ed rekrea\u010dn\u00ed chatu, anebo alespo\u0148 d\u016fm v n\u011bkter\u00e9 z mal\u00fdch obc\u00ed a odst\u011bhuj\u00ed se sem natrvalo.                                                                                                                                                                                                                                                                                                                                                                                          4.2\/5 - (9 votes)        "},{"@context":"https:\/\/schema.org\/","@type":"BreadcrumbList","itemListElement":[{"@type":"ListItem","position":1,"name":"Dovolen\u00e1 v \u010cesk\u00fdch Bud\u011bjovic\u00edch b\u00fdv\u00e1 nezapomenuteln\u00e1","item":"https:\/\/www.paradni.cz\/dovolena-v-ceskych-budejovicich-byva-nezapomenutelna\/#breadcrumbitem"}]}]